{"id":1623,"date":"2023-01-10T13:39:24","date_gmt":"2023-01-10T11:39:24","guid":{"rendered":"https:\/\/blog.byhours.com\/?p=1623"},"modified":"2023-03-09T16:47:30","modified_gmt":"2023-03-09T14:47:30","slug":"este-ano-no-toca-adios-black-friday","status":"publish","type":"post","link":"https:\/\/blog.byhours.com\/es\/este-ano-no-toca-adios-black-friday\/","title":{"rendered":"Este a\u00f1o no toca: Adi\u00f3s BLACK FRIDAY"},"content":{"rendered":"<p><span style=\"font-weight: 400;\">Hay muchas cosas que no tocan este a\u00f1o: darse un beso en la calle, viajar lejos, pasear sin mascarilla, juntarse con grandes grupos de amigos, salir a la calle m\u00e1s tarde de las 22h&#8230; Es un a\u00f1o raro que nos ha tra\u00eddo una serie de restricciones que nos hacen decir no a los peque\u00f1os detalles que nos dan la felicidad. Abrazar, besar, compartir risas y tiempo, salir de fiesta, disfrutar en un restaurante&#8230; \u00bfHab\u00edas pensado antes todo lo bueno que tenemos y que no siempre valoramos? Este a\u00f1o, hay muchas cosas que no tocan y que s\u00ed nos gustar\u00eda tener.<\/span><\/p>\n<p><span style=\"font-weight: 400;\">Mientras intentamos mantener la normalidad en este 2020 lleno de obst\u00e1culos, los hoteles siguen sufriendo, y junto a ellos, millones de negocios que depend\u00edan de sus recursos mientras funcionaban. <\/span><span style=\"font-weight: 400;\">Los pocos que se mantienen a flote, lo hacen a costa de p\u00e9rdidas extremas y deudas interminables. Desde <a href=\"http:\/\/www.byhours.com\">BYHOURS<\/a> trabajamos con ellos d\u00eda a d\u00eda. No solo la industria del turismo est\u00e1 sufriendo. Nuestra sociedad es una cadena, todos nos damos la mano y un negocio depende de otro. Detr\u00e1s de un hotel hay una lavander\u00eda, un carnicero, un pay\u00e9s, una empresa de limpieza, unos t\u00e9cnicos de mantenimiento&#8230; y un sinf\u00edn de gente que cada d\u00eda aporta su granito de arena para que al final nos encontremos c\u00f3modos y con la m\u00e1xima calidad en un hotel.<\/span><\/p>\n<p>\u00bfQu\u00e9 pasa si m\u00e1s del 62% de los hoteles est\u00e1n cerrados? \u00bfQu\u00e9 sucede si la ocupaci\u00f3n no supera el 10% de media en los hoteles de la ciudad y alrededores? Es dif\u00edcil poder explicar como peligran m\u00e1s de 750.000 empleos solo en Espa\u00f1a, tal y como apuntaba <a href=\"https:\/\/okdiario.com\/economia\/exceltur-alerta-sobre-debacle-del-empleo-turistico-estan-juego-750-000-puestos-trabajo-6313099\">Exceltur<\/a> recientemente. Si calculamos a nivel mundial, las p\u00e9rdidas son tales que dan escalofr\u00edos.<\/p>\n<p><span style=\"font-weight: 400;\">Por ese motivo desde BYHOURS creemos que este a\u00f1o, BLACK FRIDAY, simplemente<\/span><b> no toca.<\/b><\/p>\n<p><span style=\"font-weight: 400;\">Puede que entre todos te hayamos acostumbrado a las promociones y oportunidades<\/span><i><span style=\"font-weight: 400;\"> \u2018last minute\u2019.<\/span><\/i><span style=\"font-weight: 400;\"> Puede que hayamos ca\u00eddo muchas veces en la necesidad de crear descuentos pensando solo en las ventas y los n\u00fameros finales. Pero este a\u00f1o, s<\/span><span style=\"font-weight: 400;\">i t\u00fa crees que la industria merece otro duro golpe a base de rebajas, te invitamos a que reserves en nuestra competencia.\u00a0<\/span><\/p>\n<p>En BYHOURS este a\u00f1o decimos NO al BLACK FRIDAY. No contaremos con las BLACK HOURS y no queremos que nuestra industria tenga que rebajar m\u00e1s a\u00fan sus precios. Queremos poder reavivar el sector con nuestra aportaci\u00f3n a base de microestancias de 3, 6 y 24h. Queremos que todos pod\u00e1is disfrutar de unas merecidas <a href=\"https:\/\/www.youtube.com\/watch?v=A610zWDd6w0\"><em>&#8216;Micro-holidays&#8217;<\/em><\/a> en vuestra <a href=\"https:\/\/blog.byhours.com\/es\/alargar-un-fin-de-semana-en-tu-ciudad\/\">propia ciudad<\/a>. Tu y todos los que trabajan para que tu descanso sea \u00f3ptimo. <span style=\"font-weight: 400;\">Despu\u00e9s de meses fren\u00e9ticos, es el momento de tomarse un respiro.<\/span><\/p>\n","protected":false},"excerpt":{"rendered":"<p>Hay muchas cosas que no tocan este a\u00f1o: darse un beso en la calle, viajar lejos, pasear sin mascarilla, juntarse con grandes grupos de amigos, salir a la calle m\u00e1s tarde de las 22h&#8230; Es un a\u00f1o raro que nos ha tra\u00eddo una serie de restricciones que nos hacen decir no a los peque\u00f1os detalles [&hellip;]<\/p>\n","protected":false},"author":1,"featured_media":2154,"comment_status":"open","ping_status":"open","sticky":false,"template":"","format":"standard","meta":{"_coblocks_attr":"","_coblocks_dimensions":"","_coblocks_responsive_height":"","_coblocks_accordion_ie_support":"","_jetpack_memberships_contains_paid_content":false,"footnotes":""},"categories":[4],"tags":[],"class_list":["post-1623","post","type-post","status-publish","format-standard","has-post-thumbnail","hentry","category-explora-el-mundo"],"yoast_head":"<!-- This site is optimized with the Yoast SEO plugin v27.5 - https:\/\/yoast.com\/product\/yoast-seo-wordpress\/ -->\n<title>Este a\u00f1o no toca: Adi\u00f3s BLACK FRIDAY - BYHOURS<\/title>\n<meta name=\"description\" content=\"Este a\u00f1o en BYHOURS creemos que celebrar el BLACK FRIDAY no toca. Nuestra industria est\u00e1 da\u00f1ada y no queremos colaborar en hacerlo m\u00e1s.\" \/>\n<meta name=\"robots\" content=\"index, follow, max-snippet:-1, max-image-preview:large, max-video-preview:-1\" \/>\n<link rel=\"canonical\" href=\"https:\/\/blog.byhours.com\/es\/este-ano-no-toca-adios-black-friday\/\" \/>\n<meta property=\"og:locale\" content=\"es_ES\" \/>\n<meta property=\"og:type\" content=\"article\" \/>\n<meta property=\"og:title\" content=\"Este a\u00f1o no toca: Adi\u00f3s BLACK FRIDAY - BYHOURS\" \/>\n<meta property=\"og:description\" content=\"Este a\u00f1o en BYHOURS creemos que celebrar el BLACK FRIDAY no toca. Nuestra industria est\u00e1 da\u00f1ada y no queremos colaborar en hacerlo m\u00e1s.\" \/>\n<meta property=\"og:url\" content=\"https:\/\/blog.byhours.com\/es\/este-ano-no-toca-adios-black-friday\/\" \/>\n<meta property=\"og:site_name\" content=\"BYHOURS\" \/>\n<meta property=\"article:publisher\" content=\"https:\/\/www.facebook.com\/byhours\/\" \/>\n<meta property=\"article:published_time\" content=\"2023-01-10T11:39:24+00:00\" \/>\n<meta property=\"article:modified_time\" content=\"2023-03-09T14:47:30+00:00\" \/>\n<meta property=\"og:image\" content=\"https:\/\/blog.byhours.com\/wp-content\/uploads\/2021\/09\/Banners_Paid_MICROMOMENTOS_02_480x320.jpg\" \/>\n\t<meta property=\"og:image:width\" content=\"480\" \/>\n\t<meta property=\"og:image:height\" content=\"320\" \/>\n\t<meta property=\"og:image:type\" content=\"image\/jpeg\" \/>\n<meta name=\"author\" content=\"BYHOURS\" \/>\n<meta name=\"twitter:card\" content=\"summary_large_image\" \/>\n<meta name=\"twitter:creator\" content=\"@BYHOURS\" \/>\n<meta name=\"twitter:site\" content=\"@BYHOURS\" \/>\n<meta name=\"twitter:label1\" content=\"Escrito por\" \/>\n\t<meta name=\"twitter:data1\" content=\"BYHOURS\" \/>\n\t<meta name=\"twitter:label2\" content=\"Tiempo de lectura\" \/>\n\t<meta name=\"twitter:data2\" content=\"2 minutos\" \/>\n<script type=\"application\/ld+json\" class=\"yoast-schema-graph\">{\"@context\":\"https:\\\/\\\/schema.org\",\"@graph\":[{\"@type\":\"Article\",\"@id\":\"https:\\\/\\\/blog.byhours.com\\\/es\\\/este-ano-no-toca-adios-black-friday\\\/#article\",\"isPartOf\":{\"@id\":\"https:\\\/\\\/blog.byhours.com\\\/es\\\/este-ano-no-toca-adios-black-friday\\\/\"},\"author\":{\"name\":\"BYHOURS\",\"@id\":\"https:\\\/\\\/blog.byhours.com\\\/es\\\/#\\\/schema\\\/person\\\/909a61919aae756afd58040d01532d3f\"},\"headline\":\"Este a\u00f1o no toca: Adi\u00f3s BLACK FRIDAY\",\"datePublished\":\"2023-01-10T11:39:24+00:00\",\"dateModified\":\"2023-03-09T14:47:30+00:00\",\"mainEntityOfPage\":{\"@id\":\"https:\\\/\\\/blog.byhours.com\\\/es\\\/este-ano-no-toca-adios-black-friday\\\/\"},\"wordCount\":485,\"commentCount\":0,\"publisher\":{\"@id\":\"https:\\\/\\\/blog.byhours.com\\\/es\\\/#organization\"},\"image\":{\"@id\":\"https:\\\/\\\/blog.byhours.com\\\/es\\\/este-ano-no-toca-adios-black-friday\\\/#primaryimage\"},\"thumbnailUrl\":\"https:\\\/\\\/blog.byhours.com\\\/wp-content\\\/uploads\\\/2021\\\/09\\\/Banners_Paid_MICROMOMENTOS_02_480x320.jpg\",\"articleSection\":[\"Explora el mundo\"],\"inLanguage\":\"es\",\"potentialAction\":[{\"@type\":\"CommentAction\",\"name\":\"Comment\",\"target\":[\"https:\\\/\\\/blog.byhours.com\\\/es\\\/este-ano-no-toca-adios-black-friday\\\/#respond\"]}]},{\"@type\":\"WebPage\",\"@id\":\"https:\\\/\\\/blog.byhours.com\\\/es\\\/este-ano-no-toca-adios-black-friday\\\/\",\"url\":\"https:\\\/\\\/blog.byhours.com\\\/es\\\/este-ano-no-toca-adios-black-friday\\\/\",\"name\":\"Este a\u00f1o no toca: Adi\u00f3s BLACK FRIDAY - BYHOURS\",\"isPartOf\":{\"@id\":\"https:\\\/\\\/blog.byhours.com\\\/es\\\/#website\"},\"primaryImageOfPage\":{\"@id\":\"https:\\\/\\\/blog.byhours.com\\\/es\\\/este-ano-no-toca-adios-black-friday\\\/#primaryimage\"},\"image\":{\"@id\":\"https:\\\/\\\/blog.byhours.com\\\/es\\\/este-ano-no-toca-adios-black-friday\\\/#primaryimage\"},\"thumbnailUrl\":\"https:\\\/\\\/blog.byhours.com\\\/wp-content\\\/uploads\\\/2021\\\/09\\\/Banners_Paid_MICROMOMENTOS_02_480x320.jpg\",\"datePublished\":\"2023-01-10T11:39:24+00:00\",\"dateModified\":\"2023-03-09T14:47:30+00:00\",\"description\":\"Este a\u00f1o en BYHOURS creemos que celebrar el BLACK FRIDAY no toca. Nuestra industria est\u00e1 da\u00f1ada y no queremos colaborar en hacerlo m\u00e1s.\",\"breadcrumb\":{\"@id\":\"https:\\\/\\\/blog.byhours.com\\\/es\\\/este-ano-no-toca-adios-black-friday\\\/#breadcrumb\"},\"inLanguage\":\"es\",\"potentialAction\":[{\"@type\":\"ReadAction\",\"target\":[\"https:\\\/\\\/blog.byhours.com\\\/es\\\/este-ano-no-toca-adios-black-friday\\\/\"]}]},{\"@type\":\"ImageObject\",\"inLanguage\":\"es\",\"@id\":\"https:\\\/\\\/blog.byhours.com\\\/es\\\/este-ano-no-toca-adios-black-friday\\\/#primaryimage\",\"url\":\"https:\\\/\\\/blog.byhours.com\\\/wp-content\\\/uploads\\\/2021\\\/09\\\/Banners_Paid_MICROMOMENTOS_02_480x320.jpg\",\"contentUrl\":\"https:\\\/\\\/blog.byhours.com\\\/wp-content\\\/uploads\\\/2021\\\/09\\\/Banners_Paid_MICROMOMENTOS_02_480x320.jpg\",\"width\":480,\"height\":320,\"caption\":\"Microholidays\"},{\"@type\":\"BreadcrumbList\",\"@id\":\"https:\\\/\\\/blog.byhours.com\\\/es\\\/este-ano-no-toca-adios-black-friday\\\/#breadcrumb\",\"itemListElement\":[{\"@type\":\"ListItem\",\"position\":1,\"name\":\"Home\",\"item\":\"https:\\\/\\\/blog.byhours.com\\\/es\\\/\"},{\"@type\":\"ListItem\",\"position\":2,\"name\":\"Este a\u00f1o no toca: Adi\u00f3s BLACK FRIDAY\"}]},{\"@type\":\"WebSite\",\"@id\":\"https:\\\/\\\/blog.byhours.com\\\/es\\\/#website\",\"url\":\"https:\\\/\\\/blog.byhours.com\\\/es\\\/\",\"name\":\"BYHOURS\",\"description\":\"Turn hours into great moments\",\"publisher\":{\"@id\":\"https:\\\/\\\/blog.byhours.com\\\/es\\\/#organization\"},\"potentialAction\":[{\"@type\":\"SearchAction\",\"target\":{\"@type\":\"EntryPoint\",\"urlTemplate\":\"https:\\\/\\\/blog.byhours.com\\\/es\\\/?s={search_term_string}\"},\"query-input\":{\"@type\":\"PropertyValueSpecification\",\"valueRequired\":true,\"valueName\":\"search_term_string\"}}],\"inLanguage\":\"es\"},{\"@type\":\"Organization\",\"@id\":\"https:\\\/\\\/blog.byhours.com\\\/es\\\/#organization\",\"name\":\"BYHOURS\",\"url\":\"https:\\\/\\\/blog.byhours.com\\\/es\\\/\",\"logo\":{\"@type\":\"ImageObject\",\"inLanguage\":\"es\",\"@id\":\"https:\\\/\\\/blog.byhours.com\\\/es\\\/#\\\/schema\\\/logo\\\/image\\\/\",\"url\":\"https:\\\/\\\/secureservercdn.net\\\/160.153.138.163\\\/xzd.6c8.myftpupload.com\\\/wp-content\\\/uploads\\\/2020\\\/05\\\/Logo_1200x300-1.jpg?time=1617789149\",\"contentUrl\":\"https:\\\/\\\/secureservercdn.net\\\/160.153.138.163\\\/xzd.6c8.myftpupload.com\\\/wp-content\\\/uploads\\\/2020\\\/05\\\/Logo_1200x300-1.jpg?time=1617789149\",\"width\":1200,\"height\":300,\"caption\":\"BYHOURS\"},\"image\":{\"@id\":\"https:\\\/\\\/blog.byhours.com\\\/es\\\/#\\\/schema\\\/logo\\\/image\\\/\"},\"sameAs\":[\"https:\\\/\\\/www.facebook.com\\\/byhours\\\/\",\"https:\\\/\\\/x.com\\\/BYHOURS\",\"https:\\\/\\\/www.instagram.com\\\/byhours\\\/\",\"https:\\\/\\\/www.linkedin.com\\\/company\\\/byhours-com\",\"https:\\\/\\\/www.youtube.com\\\/user\\\/ByHoursTV\"]},{\"@type\":\"Person\",\"@id\":\"https:\\\/\\\/blog.byhours.com\\\/es\\\/#\\\/schema\\\/person\\\/909a61919aae756afd58040d01532d3f\",\"name\":\"BYHOURS\",\"image\":{\"@type\":\"ImageObject\",\"inLanguage\":\"es\",\"@id\":\"https:\\\/\\\/secure.gravatar.com\\\/avatar\\\/b252dc0a394c9c5d01f78f36c7ec698ed014534b477f5067a9ee02353a0acb6c?s=96&d=mm&r=g\",\"url\":\"https:\\\/\\\/secure.gravatar.com\\\/avatar\\\/b252dc0a394c9c5d01f78f36c7ec698ed014534b477f5067a9ee02353a0acb6c?s=96&d=mm&r=g\",\"contentUrl\":\"https:\\\/\\\/secure.gravatar.com\\\/avatar\\\/b252dc0a394c9c5d01f78f36c7ec698ed014534b477f5067a9ee02353a0acb6c?s=96&d=mm&r=g\",\"caption\":\"BYHOURS\"},\"description\":\"BYHOURS nace en 2012 para aportar la flexibilidad y la personalizaci\u00f3n que estabas buscando a la hora de reservar hoteles. Por eso lanzamos la primera plataforma que permite reservar horas de hotel a nivel internacional. Ahora puedes elegir la hora de entrada, cu\u00e1nto tiempo alojarte y pagar solo por el tiempo que necesitas.\",\"sameAs\":[\"https:\\\/\\\/blog.byhours.com\"],\"url\":\"https:\\\/\\\/blog.byhours.com\\\/es\\\/author\\\/marketing\\\/\"}]}<\/script>\n<!-- \/ Yoast SEO plugin. -->","yoast_head_json":{"title":"Este a\u00f1o no toca: Adi\u00f3s BLACK FRIDAY - BYHOURS","description":"Este a\u00f1o en BYHOURS creemos que celebrar el BLACK FRIDAY no toca. Nuestra industria est\u00e1 da\u00f1ada y no queremos colaborar en hacerlo m\u00e1s.","robots":{"index":"index","follow":"follow","max-snippet":"max-snippet:-1","max-image-preview":"max-image-preview:large","max-video-preview":"max-video-preview:-1"},"canonical":"https:\/\/blog.byhours.com\/es\/este-ano-no-toca-adios-black-friday\/","og_locale":"es_ES","og_type":"article","og_title":"Este a\u00f1o no toca: Adi\u00f3s BLACK FRIDAY - BYHOURS","og_description":"Este a\u00f1o en BYHOURS creemos que celebrar el BLACK FRIDAY no toca. Nuestra industria est\u00e1 da\u00f1ada y no queremos colaborar en hacerlo m\u00e1s.","og_url":"https:\/\/blog.byhours.com\/es\/este-ano-no-toca-adios-black-friday\/","og_site_name":"BYHOURS","article_publisher":"https:\/\/www.facebook.com\/byhours\/","article_published_time":"2023-01-10T11:39:24+00:00","article_modified_time":"2023-03-09T14:47:30+00:00","og_image":[{"width":480,"height":320,"url":"https:\/\/blog.byhours.com\/wp-content\/uploads\/2021\/09\/Banners_Paid_MICROMOMENTOS_02_480x320.jpg","type":"image\/jpeg"}],"author":"BYHOURS","twitter_card":"summary_large_image","twitter_creator":"@BYHOURS","twitter_site":"@BYHOURS","twitter_misc":{"Escrito por":"BYHOURS","Tiempo de lectura":"2 minutos"},"schema":{"@context":"https:\/\/schema.org","@graph":[{"@type":"Article","@id":"https:\/\/blog.byhours.com\/es\/este-ano-no-toca-adios-black-friday\/#article","isPartOf":{"@id":"https:\/\/blog.byhours.com\/es\/este-ano-no-toca-adios-black-friday\/"},"author":{"name":"BYHOURS","@id":"https:\/\/blog.byhours.com\/es\/#\/schema\/person\/909a61919aae756afd58040d01532d3f"},"headline":"Este a\u00f1o no toca: Adi\u00f3s BLACK FRIDAY","datePublished":"2023-01-10T11:39:24+00:00","dateModified":"2023-03-09T14:47:30+00:00","mainEntityOfPage":{"@id":"https:\/\/blog.byhours.com\/es\/este-ano-no-toca-adios-black-friday\/"},"wordCount":485,"commentCount":0,"publisher":{"@id":"https:\/\/blog.byhours.com\/es\/#organization"},"image":{"@id":"https:\/\/blog.byhours.com\/es\/este-ano-no-toca-adios-black-friday\/#primaryimage"},"thumbnailUrl":"https:\/\/blog.byhours.com\/wp-content\/uploads\/2021\/09\/Banners_Paid_MICROMOMENTOS_02_480x320.jpg","articleSection":["Explora el mundo"],"inLanguage":"es","potentialAction":[{"@type":"CommentAction","name":"Comment","target":["https:\/\/blog.byhours.com\/es\/este-ano-no-toca-adios-black-friday\/#respond"]}]},{"@type":"WebPage","@id":"https:\/\/blog.byhours.com\/es\/este-ano-no-toca-adios-black-friday\/","url":"https:\/\/blog.byhours.com\/es\/este-ano-no-toca-adios-black-friday\/","name":"Este a\u00f1o no toca: Adi\u00f3s BLACK FRIDAY - BYHOURS","isPartOf":{"@id":"https:\/\/blog.byhours.com\/es\/#website"},"primaryImageOfPage":{"@id":"https:\/\/blog.byhours.com\/es\/este-ano-no-toca-adios-black-friday\/#primaryimage"},"image":{"@id":"https:\/\/blog.byhours.com\/es\/este-ano-no-toca-adios-black-friday\/#primaryimage"},"thumbnailUrl":"https:\/\/blog.byhours.com\/wp-content\/uploads\/2021\/09\/Banners_Paid_MICROMOMENTOS_02_480x320.jpg","datePublished":"2023-01-10T11:39:24+00:00","dateModified":"2023-03-09T14:47:30+00:00","description":"Este a\u00f1o en BYHOURS creemos que celebrar el BLACK FRIDAY no toca. Nuestra industria est\u00e1 da\u00f1ada y no queremos colaborar en hacerlo m\u00e1s.","breadcrumb":{"@id":"https:\/\/blog.byhours.com\/es\/este-ano-no-toca-adios-black-friday\/#breadcrumb"},"inLanguage":"es","potentialAction":[{"@type":"ReadAction","target":["https:\/\/blog.byhours.com\/es\/este-ano-no-toca-adios-black-friday\/"]}]},{"@type":"ImageObject","inLanguage":"es","@id":"https:\/\/blog.byhours.com\/es\/este-ano-no-toca-adios-black-friday\/#primaryimage","url":"https:\/\/blog.byhours.com\/wp-content\/uploads\/2021\/09\/Banners_Paid_MICROMOMENTOS_02_480x320.jpg","contentUrl":"https:\/\/blog.byhours.com\/wp-content\/uploads\/2021\/09\/Banners_Paid_MICROMOMENTOS_02_480x320.jpg","width":480,"height":320,"caption":"Microholidays"},{"@type":"BreadcrumbList","@id":"https:\/\/blog.byhours.com\/es\/este-ano-no-toca-adios-black-friday\/#breadcrumb","itemListElement":[{"@type":"ListItem","position":1,"name":"Home","item":"https:\/\/blog.byhours.com\/es\/"},{"@type":"ListItem","position":2,"name":"Este a\u00f1o no toca: Adi\u00f3s BLACK FRIDAY"}]},{"@type":"WebSite","@id":"https:\/\/blog.byhours.com\/es\/#website","url":"https:\/\/blog.byhours.com\/es\/","name":"BYHOURS","description":"Turn hours into great moments","publisher":{"@id":"https:\/\/blog.byhours.com\/es\/#organization"},"potentialAction":[{"@type":"SearchAction","target":{"@type":"EntryPoint","urlTemplate":"https:\/\/blog.byhours.com\/es\/?s={search_term_string}"},"query-input":{"@type":"PropertyValueSpecification","valueRequired":true,"valueName":"search_term_string"}}],"inLanguage":"es"},{"@type":"Organization","@id":"https:\/\/blog.byhours.com\/es\/#organization","name":"BYHOURS","url":"https:\/\/blog.byhours.com\/es\/","logo":{"@type":"ImageObject","inLanguage":"es","@id":"https:\/\/blog.byhours.com\/es\/#\/schema\/logo\/image\/","url":"https:\/\/secureservercdn.net\/160.153.138.163\/xzd.6c8.myftpupload.com\/wp-content\/uploads\/2020\/05\/Logo_1200x300-1.jpg?time=1617789149","contentUrl":"https:\/\/secureservercdn.net\/160.153.138.163\/xzd.6c8.myftpupload.com\/wp-content\/uploads\/2020\/05\/Logo_1200x300-1.jpg?time=1617789149","width":1200,"height":300,"caption":"BYHOURS"},"image":{"@id":"https:\/\/blog.byhours.com\/es\/#\/schema\/logo\/image\/"},"sameAs":["https:\/\/www.facebook.com\/byhours\/","https:\/\/x.com\/BYHOURS","https:\/\/www.instagram.com\/byhours\/","https:\/\/www.linkedin.com\/company\/byhours-com","https:\/\/www.youtube.com\/user\/ByHoursTV"]},{"@type":"Person","@id":"https:\/\/blog.byhours.com\/es\/#\/schema\/person\/909a61919aae756afd58040d01532d3f","name":"BYHOURS","image":{"@type":"ImageObject","inLanguage":"es","@id":"https:\/\/secure.gravatar.com\/avatar\/b252dc0a394c9c5d01f78f36c7ec698ed014534b477f5067a9ee02353a0acb6c?s=96&d=mm&r=g","url":"https:\/\/secure.gravatar.com\/avatar\/b252dc0a394c9c5d01f78f36c7ec698ed014534b477f5067a9ee02353a0acb6c?s=96&d=mm&r=g","contentUrl":"https:\/\/secure.gravatar.com\/avatar\/b252dc0a394c9c5d01f78f36c7ec698ed014534b477f5067a9ee02353a0acb6c?s=96&d=mm&r=g","caption":"BYHOURS"},"description":"BYHOURS nace en 2012 para aportar la flexibilidad y la personalizaci\u00f3n que estabas buscando a la hora de reservar hoteles. Por eso lanzamos la primera plataforma que permite reservar horas de hotel a nivel internacional. Ahora puedes elegir la hora de entrada, cu\u00e1nto tiempo alojarte y pagar solo por el tiempo que necesitas.","sameAs":["https:\/\/blog.byhours.com"],"url":"https:\/\/blog.byhours.com\/es\/author\/marketing\/"}]}},"jetpack_featured_media_url":"https:\/\/blog.byhours.com\/wp-content\/uploads\/2021\/09\/Banners_Paid_MICROMOMENTOS_02_480x320.jpg","jetpack_sharing_enabled":true,"amp_enabled":true,"_links":{"self":[{"href":"https:\/\/blog.byhours.com\/es\/wp-json\/wp\/v2\/posts\/1623","targetHints":{"allow":["GET"]}}],"collection":[{"href":"https:\/\/blog.byhours.com\/es\/wp-json\/wp\/v2\/posts"}],"about":[{"href":"https:\/\/blog.byhours.com\/es\/wp-json\/wp\/v2\/types\/post"}],"author":[{"embeddable":true,"href":"https:\/\/blog.byhours.com\/es\/wp-json\/wp\/v2\/users\/1"}],"replies":[{"embeddable":true,"href":"https:\/\/blog.byhours.com\/es\/wp-json\/wp\/v2\/comments?post=1623"}],"version-history":[{"count":4,"href":"https:\/\/blog.byhours.com\/es\/wp-json\/wp\/v2\/posts\/1623\/revisions"}],"predecessor-version":[{"id":18923,"href":"https:\/\/blog.byhours.com\/es\/wp-json\/wp\/v2\/posts\/1623\/revisions\/18923"}],"wp:featuredmedia":[{"embeddable":true,"href":"https:\/\/blog.byhours.com\/es\/wp-json\/wp\/v2\/media\/2154"}],"wp:attachment":[{"href":"https:\/\/blog.byhours.com\/es\/wp-json\/wp\/v2\/media?parent=1623"}],"wp:term":[{"taxonomy":"category","embeddable":true,"href":"https:\/\/blog.byhours.com\/es\/wp-json\/wp\/v2\/categories?post=1623"},{"taxonomy":"post_tag","embeddable":true,"href":"https:\/\/blog.byhours.com\/es\/wp-json\/wp\/v2\/tags?post=1623"}],"curies":[{"name":"wp","href":"https:\/\/api.w.org\/{rel}","templated":true}]}}